{"id":2984,"date":"2018-12-20T12:10:18","date_gmt":"2018-12-20T12:10:18","guid":{"rendered":"http:\/\/visitkomarno.eu\/?p=2984"},"modified":"2018-12-20T12:10:18","modified_gmt":"2018-12-20T12:10:18","slug":"projekt-herbaland-ma-pomoct-ludom-s-podnikanim-v-oblasti-liecivych-bylin","status":"publish","type":"post","link":"https:\/\/visitkomarno.eu\/sk\/projekt-herbaland-ma-pomoct-ludom-s-podnikanim-v-oblasti-liecivych-bylin\/","title":{"rendered":"Projekt Herbaland m\u00e1 pom\u00f4c\u0165 \u013eu\u010fom s podnikan\u00edm v oblasti lie\u010div\u00fdch byl\u00edn"},"content":{"rendered":"<p>Projekt Herbaland m\u00e1 za cie\u013e pom\u00f4c\u0165 \u013eu\u010fom v slovensko-ma\u010farskej pohrani\u010dnej oblasti, ktor\u00ed by chceli podnika\u0165 v oblasti lie\u010div\u00fdch byl\u00edn. V r\u00e1mci cezhrani\u010dn\u00e9ho projektu spolufinancovan\u00e9ho z Eur\u00f3pskej \u00fanie vznikla webov\u00e1 str\u00e1nka, mapa v\u00fdskytu lie\u010div\u00fdch byl\u00edn aj informa\u010dn\u00e9 centr\u00e1.<\/p>\n<p>Konalo sa aj p\u00e4tn\u00e1s\u0165 workshopov. Ich cie\u013eom bolo vzdel\u00e1va\u0165 akt\u00e9rov bylinkov\u00e9ho priemyslu a zlep\u0161i\u0165 ich poz\u00edciu na trhu pr\u00e1ce. Predn\u00e1\u0161ali na nich v\u00fdznamn\u00ed odborn\u00edci z tejto oblasti.<\/p>\n<p>\u201eV Ma\u010farsku sa bylink\u00e1m venuj\u00fa u\u017e vo v\u00e4\u010d\u0161ej miere, maj\u00fa tam centr\u00e1 zameran\u00e9 pr\u00e1ve na t\u00fato t\u00e9mu, ktor\u00e9 robia exkurzie pre \u0161koly a verejnos\u0165. Na\u0161\u00edm cie\u013eom je, aby sa pestovaniu lie\u010div\u00fdch byl\u00edn venovali viac aj \u013eudia u n\u00e1s, preto\u017ee dopyt tu ur\u010dite je,\u201c povedala riadite\u013eka Region\u00e1lnej rozvojovej agent\u00fary Kom\u00e1rno Andrea Fialov\u00e1.<\/p>\n<p>Pre obyvate\u013eov ju\u017en\u00e9ho Slovenska m\u00f4\u017ee bylink\u00e1rstvo znamena\u0165 v\u00edtan\u00fd ved\u013eaj\u0161\u00ed pr\u00edjem. Vznikli preto dva informa\u010dn\u00e9 body, kde m\u00f4\u017eu z\u00edska\u0165 cenn\u00e9 inform\u00e1cie v\u0161etci z\u00e1ujemcovia, ktor\u00ed by chceli podnika\u0165 v oblasti lie\u010div\u00fdch byl\u00edn. S\u00fa v priestoroch Region\u00e1lnej rozvojovej agent\u00fary v Kom\u00e1rne a vo Ve\u013ek\u00fdch Kapu\u0161anoch.<\/p>\n<p>V r\u00e1mci projektu zmapovali trh s lie\u010div\u00fdmi bylinami v slovensko-ma\u010farskej pohrani\u010dnej oblasti. Komplexn\u00fa \u0161t\u00fadiu u\u017e \u010doskoro zverejnia na internetovej str\u00e1nke Herbalandu.<\/p>\n<p>Tento port\u00e1l m\u00e1 pom\u00f4c\u0165 s\u00fakromn\u00fdm osob\u00e1m, firm\u00e1m a neziskov\u00fdm organiz\u00e1ci\u00e1m, ktor\u00e9 sa zaoberaj\u00fa lie\u010div\u00fdmi bylinami, aby nadviazali vz\u00e1jomn\u00fa spolupr\u00e1cu. M\u00f4\u017eu tu zverejni\u0165 dopyt a ponuku t\u00fdkaj\u00facu sa produktov \u010di pracovnej sily, h\u013eada\u0165 dod\u00e1vate\u013eov a pon\u00faka\u0165 pr\u00e1cu na doma.<\/p>\n<p>N\u00e1jdu tu aj vzdel\u00e1vacie materi\u00e1ly, ktor\u00e9 vypracoval ved\u00faci partner projektu Nemzetstrat\u00e9giai Kutat\u00f3int\u00e9zet (N\u00e1rodn\u00fd strategick\u00fd v\u00fdskumn\u00fd \u00fastav).<\/p>\n<p>Projekt s rozpo\u010dtom 352-tis\u00edc eur je financovan\u00fd v r\u00e1mci programu spolupr\u00e1ce Interreg V-A Slovensk\u00e1 republika \u2013 Ma\u010farsko z Eur\u00f3pskeho fondu region\u00e1lneho rozvoja, \u0161t\u00e1tnych rozpo\u010dtov oboch kraj\u00edn a vlastn\u00fdch zdrojov partnerov projektu.<\/p>\n<p><img decoding=\"async\" loading=\"lazy\" class=\"alignnone size-medium wp-image-2988\" src=\"http:\/\/visitkomarno.eu\/wp-content\/uploads\/2018\/12\/Logo_color_SKHU_SK_RGB.jpg\" alt=\"\" width=\"300\" height=\"74\" srcset=\"https:\/\/visitkomarno.eu\/wp-content\/uploads\/2018\/12\/Logo_color_SKHU_SK_RGB.jpg 1220w, https:\/\/visitkomarno.eu\/wp-content\/uploads\/2018\/12\/Logo_color_SKHU_SK_RGB-300x74.jpg 300w, https:\/\/visitkomarno.eu\/wp-content\/uploads\/2018\/12\/Logo_color_SKHU_SK_RGB-768x189.jpg 768w, https:\/\/visitkomarno.eu\/wp-content\/uploads\/2018\/12\/Logo_color_SKHU_SK_RGB-1024x253.jpg 1024w, https:\/\/visitkomarno.eu\/wp-content\/uploads\/2018\/12\/Logo_color_SKHU_SK_RGB-370x91.jpg 370w, https:\/\/visitkomarno.eu\/wp-content\/uploads\/2018\/12\/Logo_color_SKHU_SK_RGB-1200x301.jpg 1200w, https:\/\/visitkomarno.eu\/wp-content\/uploads\/2018\/12\/Logo_color_SKHU_SK_RGB-1100x271.jpg 1100w\" sizes=\"(max-width: 300px) 100vw, 300px\" \/><\/p>\n<p>(sita)<\/p>\n","protected":false},"excerpt":{"rendered":"<p>Projekt Herbaland m\u00e1 za cie\u013e pom\u00f4c\u0165 \u013eu\u010fom v slovensko-ma\u010farskej pohrani\u010dnej oblasti, ktor\u00ed by chceli podnika\u0165 v oblasti lie\u010div\u00fdch byl\u00edn. V r\u00e1mci cezhrani\u010dn\u00e9ho projektu spolufinancovan\u00e9ho z Eur\u00f3pskej \u00fanie vznikla webov\u00e1 str\u00e1nka, mapa v\u00fdskytu lie\u010div\u00fdch byl\u00edn aj informa\u010dn\u00e9 centr\u00e1. Konalo sa aj p\u00e4tn\u00e1s\u0165 workshopov. Ich cie\u013eom bolo vzdel\u00e1va\u0165 akt\u00e9rov bylinkov\u00e9ho priemyslu a zlep\u0161i\u0165 ich poz\u00edciu na trhu [&hellip;]<\/p>\n","protected":false},"author":1,"featured_media":2979,"comment_status":"closed","ping_status":"closed","sticky":false,"template":"","format":"standard","meta":[],"categories":[2],"tags":[],"_links":{"self":[{"href":"https:\/\/visitkomarno.eu\/sk\/wp-json\/wp\/v2\/posts\/2984"}],"collection":[{"href":"https:\/\/visitkomarno.eu\/sk\/wp-json\/wp\/v2\/posts"}],"about":[{"href":"https:\/\/visitkomarno.eu\/sk\/wp-json\/wp\/v2\/types\/post"}],"author":[{"embeddable":true,"href":"https:\/\/visitkomarno.eu\/sk\/wp-json\/wp\/v2\/users\/1"}],"replies":[{"embeddable":true,"href":"https:\/\/visitkomarno.eu\/sk\/wp-json\/wp\/v2\/comments?post=2984"}],"version-history":[{"count":1,"href":"https:\/\/visitkomarno.eu\/sk\/wp-json\/wp\/v2\/posts\/2984\/revisions"}],"predecessor-version":[{"id":2991,"href":"https:\/\/visitkomarno.eu\/sk\/wp-json\/wp\/v2\/posts\/2984\/revisions\/2991"}],"wp:featuredmedia":[{"embeddable":true,"href":"https:\/\/visitkomarno.eu\/sk\/wp-json\/wp\/v2\/media\/2979"}],"wp:attachment":[{"href":"https:\/\/visitkomarno.eu\/sk\/wp-json\/wp\/v2\/media?parent=2984"}],"wp:term":[{"taxonomy":"category","embeddable":true,"href":"https:\/\/visitkomarno.eu\/sk\/wp-json\/wp\/v2\/categories?post=2984"},{"taxonomy":"post_tag","embeddable":true,"href":"https:\/\/visitkomarno.eu\/sk\/wp-json\/wp\/v2\/tags?post=2984"}],"curies":[{"name":"wp","href":"https:\/\/api.w.org\/{rel}","templated":true}]}}