{"id":3902,"date":"2020-01-01T13:42:12","date_gmt":"2020-01-01T13:42:12","guid":{"rendered":"https:\/\/visitkomarno.eu\/?p=3902"},"modified":"2020-01-01T13:42:13","modified_gmt":"2020-01-01T13:42:13","slug":"top-7-kaviarni-v-komarne-ktore-nesmu-ujst-ziadnemu-milovnikovi-kavy","status":"publish","type":"post","link":"https:\/\/visitkomarno.eu\/sk\/top-7-kaviarni-v-komarne-ktore-nesmu-ujst-ziadnemu-milovnikovi-kavy\/","title":{"rendered":"Top 7 kaviarn\u00ed v Kom\u00e1rne, ktor\u00e9 nesm\u00fa ujs\u0165 \u017eiadnemu milovn\u00edkovi k\u00e1vy"},"content":{"rendered":"\n<p><strong>\u010ci u\u017e h\u013ead\u00e1te miesto na posedenie s&nbsp;priate\u013emi\nalebo priestor na pracovn\u00e9 stretnutie, kaviare\u0148 je ur\u010dite jedn\u00fdm z&nbsp;miest,\nktor\u00e9 stoj\u00ed za n\u00e1v\u0161tevu. Nako\u013eko Kom\u00e1rno ide s&nbsp;dobou, tak sa tu nach\u00e1dza\np\u00e1r kvalitn\u00fdch kaviarn\u00ed, ktor\u00e9 poznaj\u00fa \u013eudia aj mimo mesta. Svoje rann\u00e9 presso\nalebo kapu\u010d\u00edno si tak m\u00f4\u017eete vychutna\u0165 bu\u010f na terase s&nbsp;v\u00fdh\u013eadom na\nn\u00e1mestie alebo v&nbsp;jednej z&nbsp;kaviarn\u00ed, kde sa nesie v\u00f4\u0148a \u010derstvo\nupra\u017eenej k\u00e1vy.<\/strong><\/p>\n\n\n\n<p><strong>Green\nCoffee<\/strong><\/p>\n\n\n\n<p>Kaviare\u0148 oslov\u00ed nejedn\u00e9ho n\u00e1v\u0161tevn\u00edka nielen svojim pr\u00edjemn\u00fdm&nbsp; nefaj\u010diarskym prostred\u00edm ale aj drobnos\u0165ami, ktor\u00e9 vytv\u00e1raj\u00fa pr\u00edjemn\u00fa atmosf\u00e9ru. Pri pop\u00edjan\u00ed chutnej k\u00e1vy, ktor\u00fa si m\u00f4\u017eete da\u0165 na viacero sp\u00f4sobov, chu\u0165ov\u00fdm bunk\u00e1m ulahodia tie\u017e torty a&nbsp;kol\u00e1\u010de r\u00f4zneho druhu alebo \u010derstv\u00e9 ovocn\u00e9 \u010di zeleninov\u00e9 \u0161\u0165avy. V&nbsp;letnom obdob\u00ed si k\u00e1vu alebo mie\u0161an\u00fd n\u00e1poj m\u00f4\u017eete tie\u017e vychutna\u0165 na terase v&nbsp;budove \u0160eko centra. <\/p>\n\n\n\n<div class=\"wp-block-image\"><figure class=\"aligncenter size-large\"><img decoding=\"async\" loading=\"lazy\" width=\"601\" height=\"400\" src=\"https:\/\/visitkomarno.eu\/wp-content\/uploads\/2019\/12\/k1-601x400.jpg\" alt=\"\" class=\"wp-image-3903\" srcset=\"https:\/\/visitkomarno.eu\/wp-content\/uploads\/2019\/12\/k1-601x400.jpg 601w, https:\/\/visitkomarno.eu\/wp-content\/uploads\/2019\/12\/k1-300x200.jpg 300w, https:\/\/visitkomarno.eu\/wp-content\/uploads\/2019\/12\/k1-768x511.jpg 768w, https:\/\/visitkomarno.eu\/wp-content\/uploads\/2019\/12\/k1-346x230.jpg 346w, https:\/\/visitkomarno.eu\/wp-content\/uploads\/2019\/12\/k1.jpg 960w\" sizes=\"(max-width: 601px) 100vw, 601px\" \/><\/figure><\/div>\n\n\n\n<p><strong>Cafe\nLaro Restobar &amp; Vintage Gallery<\/strong><\/p>\n\n\n\n<p>U\u017e pri prvom poh\u013eade m\u00e1 n\u00e1v\u0161tevn\u00edk pocit, \u017ee samotn\u00fd podnik d\u00fdcha, presnej\u0161ie d\u00fdcha vintage \u0161t\u00fdlom. Priestor kaviarne toti\u017e dop\u013a\u0148aj\u00fa vintage prvky, ktor\u00e9 z&nbsp;oby\u010dajn\u00e9ho posedenia pri k\u00e1ve urobia neoby\u010dajn\u00fd p\u00f4\u017eitok pre o\u010di a&nbsp;pokoj v&nbsp;du\u0161i. Popri k\u00e1ve si tu m\u00f4\u017eete tie\u017e vychutna\u0165 dom\u00e1ce dezerty. V&nbsp;zimnom obdob\u00ed v\u00e1s zahrej\u00fa \u010derstv\u00e9 \u010daje a&nbsp;v&nbsp;lete si m\u00f4\u017eete posedie\u0165 na terase kde budete ma\u0165 pocit, \u017ee sed\u00edte vo svojej vlastnej z\u00e1hradke a&nbsp;nie ved\u013ea budovy Matice slovenskej. <\/p>\n\n\n\n<div class=\"wp-block-image\"><figure class=\"aligncenter size-large\"><img decoding=\"async\" loading=\"lazy\" width=\"400\" height=\"400\" src=\"https:\/\/visitkomarno.eu\/wp-content\/uploads\/2019\/12\/k2-400x400.jpg\" alt=\"\" class=\"wp-image-3906\" srcset=\"https:\/\/visitkomarno.eu\/wp-content\/uploads\/2019\/12\/k2-400x400.jpg 400w, https:\/\/visitkomarno.eu\/wp-content\/uploads\/2019\/12\/k2-300x300.jpg 300w, https:\/\/visitkomarno.eu\/wp-content\/uploads\/2019\/12\/k2-150x150.jpg 150w, https:\/\/visitkomarno.eu\/wp-content\/uploads\/2019\/12\/k2-768x768.jpg 768w, https:\/\/visitkomarno.eu\/wp-content\/uploads\/2019\/12\/k2-230x230.jpg 230w, https:\/\/visitkomarno.eu\/wp-content\/uploads\/2019\/12\/k2.jpg 960w\" sizes=\"(max-width: 400px) 100vw, 400px\" \/><\/figure><\/div>\n\n\n\n<p><strong>De\nLuxxe Cafe<\/strong><\/p>\n\n\n\n<p>Poobedn\u00fa prech\u00e1dzku po n\u00e1mest\u00ed v&nbsp;Kom\u00e1rne m\u00f4\u017eete korunova\u0165 nielen dobrou k\u00e1vou, ale najm\u00e4 v&nbsp;dobrej kaviarni. Milovn\u00edci tekut\u00e9ho zlata si tu n\u00e1jdu svoje nielen vo forme ve\u013ek\u00e9ho v\u00fdberu sp\u00f4sobu pr\u00edpravy ale tie\u017e aj v skuto\u010dnosti, \u017ee si tu m\u00f4\u017eu vychutna\u0165 k\u00e1vu Green Plantation z&nbsp;miestnej pra\u017eiarne. T\u00fato jedine\u010dnos\u0165 ocenia najm\u00e4 k\u00e1vomilci, ktor\u00ed tak bud\u00fa ma\u0165 istotu, \u017ee sa v&nbsp;ich poh\u00e1ri objav\u00ed nielen \u010derstvo namlet\u00e1 k\u00e1va, ale aj \u010derstvo upra\u017een\u00e1. <\/p>\n\n\n\n<div class=\"wp-block-image\"><figure class=\"aligncenter size-large\"><img decoding=\"async\" loading=\"lazy\" width=\"400\" height=\"400\" src=\"https:\/\/visitkomarno.eu\/wp-content\/uploads\/2019\/12\/k3-400x400.jpg\" alt=\"\" class=\"wp-image-3909\" srcset=\"https:\/\/visitkomarno.eu\/wp-content\/uploads\/2019\/12\/k3-400x400.jpg 400w, https:\/\/visitkomarno.eu\/wp-content\/uploads\/2019\/12\/k3-300x300.jpg 300w, https:\/\/visitkomarno.eu\/wp-content\/uploads\/2019\/12\/k3-150x150.jpg 150w, https:\/\/visitkomarno.eu\/wp-content\/uploads\/2019\/12\/k3-230x230.jpg 230w, https:\/\/visitkomarno.eu\/wp-content\/uploads\/2019\/12\/k3.jpg 768w\" sizes=\"(max-width: 400px) 100vw, 400px\" \/><\/figure><\/div>\n\n\n\n<p><strong>Caf\u00e9\nMonarchia<\/strong><\/p>\n\n\n\n<p>Ak okrem ob\u013e\u00fabenej k\u00e1vy h\u013ead\u00e1te aj miesto s&nbsp;kult\u00farnymi z\u00e1\u017eitkami, tak ste na spr\u00e1vnom mieste. Napriek tomu, \u017ee kaviare\u0148 mo\u017eno p\u00f4sob\u00ed ako ka\u017ed\u00e1 in\u00e1, tak po\u010das jednotliv\u00fdch dn\u00ed sa men\u00ed na gal\u00e9riu, predn\u00e1\u0161kov\u00fa sie\u0148, koncertn\u00fa miestnos\u0165 alebo z\u00e1bavn\u00fd k\u00fatik. Te\u0161i\u0165 sa tu tak m\u00f4\u017eete na r\u00f4zne spolo\u010densk\u00e9 hry, diskusie alebo koncerty. Kaviare\u0148 tie\u017e pod\u013ea z\u00e1ujmu organizuje r\u00f4zne workshopy, na svoje si pri\u0161li napr\u00edklad z\u00e1ujemcovia o&nbsp;arttex. Posedie\u0165 si nielen na pr\u00edjemnej k\u00e1ve ale aj v&nbsp;prostred\u00ed s&nbsp;pestr\u00fdm programom tak m\u00f4\u017eete na N\u00e1dvor\u00ed Eur\u00f3py. <\/p>\n\n\n\n<div class=\"wp-block-image\"><figure class=\"aligncenter size-large\"><img decoding=\"async\" loading=\"lazy\" width=\"555\" height=\"400\" src=\"https:\/\/visitkomarno.eu\/wp-content\/uploads\/2019\/12\/k4-555x400.jpg\" alt=\"\" class=\"wp-image-3912\" srcset=\"https:\/\/visitkomarno.eu\/wp-content\/uploads\/2019\/12\/k4-555x400.jpg 555w, https:\/\/visitkomarno.eu\/wp-content\/uploads\/2019\/12\/k4-300x216.jpg 300w, https:\/\/visitkomarno.eu\/wp-content\/uploads\/2019\/12\/k4-768x554.jpg 768w, https:\/\/visitkomarno.eu\/wp-content\/uploads\/2019\/12\/k4-319x230.jpg 319w, https:\/\/visitkomarno.eu\/wp-content\/uploads\/2019\/12\/k4.jpg 960w\" sizes=\"(max-width: 555px) 100vw, 555px\" \/><\/figure><\/div>\n\n\n\n<p><strong>Pralin\u00e9\nCakeshop &amp; Cafe<\/strong><\/p>\n\n\n\n<p>Ka\u017ed\u00fd, kto si r\u00e1d popri dobrej k\u00e1ve vychutn\u00e1 aj lahodn\u00fd kol\u00e1\u010dik je v&nbsp;tejto kaviarni na dobrom mieste. Podnik je toti\u017e ka\u017ed\u00fd de\u0148 \u010derstvo z\u00e1soben\u00fd ve\u013ek\u00fdm mno\u017estvom chutn\u00fdch kol\u00e1\u010dov a&nbsp;dezertov, ktor\u00e9 si m\u00f4\u017eete vychutna\u0165 v&nbsp;pr\u00edjemnom interi\u00e9ri kaviarne alebo na priestrannej terase. Samozrejmos\u0165ou v&nbsp;letnom obdob\u00ed je tie\u017e ve\u013ek\u00fd v\u00fdber \u010derstv\u00fdch limon\u00e1d a&nbsp;exkluzivitou s\u00fa r\u00f4zne pr\u00edchute zmrzliny. Kaviare\u0148 uv\u00edta svojich n\u00e1v\u0161tevn\u00edkov po\u010das ka\u017ed\u00e9ho d\u0148a na st\u00e1lej adrese G\u00fatsky rad 5.<\/p>\n\n\n\n<div class=\"wp-block-image\"><figure class=\"aligncenter size-large\"><img decoding=\"async\" loading=\"lazy\" width=\"300\" height=\"400\" src=\"https:\/\/visitkomarno.eu\/wp-content\/uploads\/2019\/12\/k5-300x400.jpg\" alt=\"\" class=\"wp-image-3915\" srcset=\"https:\/\/visitkomarno.eu\/wp-content\/uploads\/2019\/12\/k5-300x400.jpg 300w, https:\/\/visitkomarno.eu\/wp-content\/uploads\/2019\/12\/k5-225x300.jpg 225w, https:\/\/visitkomarno.eu\/wp-content\/uploads\/2019\/12\/k5-576x768.jpg 576w, https:\/\/visitkomarno.eu\/wp-content\/uploads\/2019\/12\/k5-173x230.jpg 173w, https:\/\/visitkomarno.eu\/wp-content\/uploads\/2019\/12\/k5.jpg 720w\" sizes=\"(max-width: 300px) 100vw, 300px\" \/><\/figure><\/div>\n\n\n\n<p><strong>K\u00e1vy\nsveta<\/strong><\/p>\n\n\n\n<p>K\u00e1vy sveta je rodinn\u00fd podnik, ktor\u00fd sa okrem prev\u00e1dzky kaviarn\u00ed venuje aj pra\u017eeniu k\u00e1vy. V&nbsp;kom\u00e1r\u0148anskej prev\u00e1dzke pon\u00fakaj\u00fa a\u017e 50 sp\u00f4sobov pr\u00edpravy k\u00e1vy a&nbsp;okrem toho tie\u017e aj 50 \u010dajov\u00fdch \u0161pecial\u00edt \u010di chutn\u00e9 v\u00edna zo strednej Eur\u00f3py. K&nbsp;poobednej k\u00e1vi\u010dke si m\u00f4\u017eete vychutna\u0165 aj niektor\u00fd z&nbsp;miestnych dezertov. Pre mal\u00fdch i&nbsp;ve\u013ek\u00fdch tie\u017e maj\u00fa v&nbsp;ponuke napr\u00edklad Argent\u00ednsku hor\u00facu \u010dokol\u00e1du. Novootvoren\u00fa kaviare\u0148 spojen\u00fa s&nbsp;predaj\u0148ou k\u00e1vy m\u00f4\u017eete nav\u0161t\u00edvi\u0165 na adrese N\u00e1mestie Gener\u00e1la Klapku 5. <\/p>\n\n\n\n<div class=\"wp-block-image\"><figure class=\"aligncenter size-large\"><img decoding=\"async\" loading=\"lazy\" width=\"400\" height=\"400\" src=\"https:\/\/visitkomarno.eu\/wp-content\/uploads\/2019\/12\/k6-400x400.jpg\" alt=\"\" class=\"wp-image-3918\" srcset=\"https:\/\/visitkomarno.eu\/wp-content\/uploads\/2019\/12\/k6-400x400.jpg 400w, https:\/\/visitkomarno.eu\/wp-content\/uploads\/2019\/12\/k6-300x300.jpg 300w, https:\/\/visitkomarno.eu\/wp-content\/uploads\/2019\/12\/k6-150x150.jpg 150w, https:\/\/visitkomarno.eu\/wp-content\/uploads\/2019\/12\/k6-768x768.jpg 768w, https:\/\/visitkomarno.eu\/wp-content\/uploads\/2019\/12\/k6-230x230.jpg 230w, https:\/\/visitkomarno.eu\/wp-content\/uploads\/2019\/12\/k6.jpg 1080w\" sizes=\"(max-width: 400px) 100vw, 400px\" \/><\/figure><\/div>\n\n\n\n<p><strong>Laser Arena<\/strong><\/p>\n\n\n\n<p>Chcete zabavi\u0165 svoje die\u0165a ale nedopriali ste si e\u0161te rann\u00fa k\u00e1vu? V&nbsp;Laser Arene m\u00f4\u017eete vybyvi\u0165 tieto dve muchy jednou ranou. Miesto toti\u017e okrem chutnej talianskej k\u00e1vy pon\u00faka aj miesto, kde sa m\u00f4\u017ee va\u0161e die\u0165a zabavi\u0165, \u010do u\u017e na konzol\u00e1ch alebo laser hre so svojimi priate\u013emi. Nov\u00fd podnik sa nach\u00e1dza v&nbsp;budove Shopping centra. <\/p>\n\n\n\n<div class=\"wp-block-image\"><figure class=\"aligncenter size-large\"><img decoding=\"async\" loading=\"lazy\" width=\"300\" height=\"400\" src=\"https:\/\/visitkomarno.eu\/wp-content\/uploads\/2019\/12\/k7-300x400.jpg\" alt=\"\" class=\"wp-image-3921\" srcset=\"https:\/\/visitkomarno.eu\/wp-content\/uploads\/2019\/12\/k7-300x400.jpg 300w, https:\/\/visitkomarno.eu\/wp-content\/uploads\/2019\/12\/k7-225x300.jpg 225w, https:\/\/visitkomarno.eu\/wp-content\/uploads\/2019\/12\/k7-576x768.jpg 576w, https:\/\/visitkomarno.eu\/wp-content\/uploads\/2019\/12\/k7-173x230.jpg 173w, https:\/\/visitkomarno.eu\/wp-content\/uploads\/2019\/12\/k7.jpg 720w\" sizes=\"(max-width: 300px) 100vw, 300px\" \/><\/figure><\/div>\n\n\n\n<p>D\u00fafame, \u017ee sme v\u00e1s svojim zoznamom\nin\u0161pirovali a&nbsp;pre rann\u00fa k\u00e1vu si vyberiete pr\u00e1ve jednu zo spomenut\u00fdch\nkaviarn\u00ed. <\/p>\n","protected":false},"excerpt":{"rendered":"<p>\u010ci u\u017e h\u013ead\u00e1te miesto na posedenie s&nbsp;priate\u013emi alebo priestor na pracovn\u00e9 stretnutie, kaviare\u0148 je ur\u010dite jedn\u00fdm z&nbsp;miest, ktor\u00e9 stoj\u00ed za n\u00e1v\u0161tevu. Nako\u013eko Kom\u00e1rno ide s&nbsp;dobou, tak sa tu nach\u00e1dza p\u00e1r kvalitn\u00fdch kaviarn\u00ed, ktor\u00e9 poznaj\u00fa \u013eudia aj mimo mesta. Svoje rann\u00e9 presso alebo kapu\u010d\u00edno si tak m\u00f4\u017eete vychutna\u0165 bu\u010f na terase s&nbsp;v\u00fdh\u013eadom na n\u00e1mestie alebo v&nbsp;jednej [&hellip;]<\/p>\n","protected":false},"author":4,"featured_media":3925,"comment_status":"closed","ping_status":"closed","sticky":false,"template":"","format":"standard","meta":[],"categories":[1],"tags":[108],"_links":{"self":[{"href":"https:\/\/visitkomarno.eu\/sk\/wp-json\/wp\/v2\/posts\/3902"}],"collection":[{"href":"https:\/\/visitkomarno.eu\/sk\/wp-json\/wp\/v2\/posts"}],"about":[{"href":"https:\/\/visitkomarno.eu\/sk\/wp-json\/wp\/v2\/types\/post"}],"author":[{"embeddable":true,"href":"https:\/\/visitkomarno.eu\/sk\/wp-json\/wp\/v2\/users\/4"}],"replies":[{"embeddable":true,"href":"https:\/\/visitkomarno.eu\/sk\/wp-json\/wp\/v2\/comments?post=3902"}],"version-history":[{"count":2,"href":"https:\/\/visitkomarno.eu\/sk\/wp-json\/wp\/v2\/posts\/3902\/revisions"}],"predecessor-version":[{"id":3934,"href":"https:\/\/visitkomarno.eu\/sk\/wp-json\/wp\/v2\/posts\/3902\/revisions\/3934"}],"wp:featuredmedia":[{"embeddable":true,"href":"https:\/\/visitkomarno.eu\/sk\/wp-json\/wp\/v2\/media\/3925"}],"wp:attachment":[{"href":"https:\/\/visitkomarno.eu\/sk\/wp-json\/wp\/v2\/media?parent=3902"}],"wp:term":[{"taxonomy":"category","embeddable":true,"href":"https:\/\/visitkomarno.eu\/sk\/wp-json\/wp\/v2\/categories?post=3902"},{"taxonomy":"post_tag","embeddable":true,"href":"https:\/\/visitkomarno.eu\/sk\/wp-json\/wp\/v2\/tags?post=3902"}],"curies":[{"name":"wp","href":"https:\/\/api.w.org\/{rel}","templated":true}]}}